{"id":95,"date":"2021-12-20T08:40:56","date_gmt":"2021-12-20T11:40:56","guid":{"rendered":"http:\/\/asjasc.com.br\/portal\/?p=95"},"modified":"2021-12-20T09:20:16","modified_gmt":"2021-12-20T12:20:16","slug":"acao-contra-desconto-iprev","status":"publish","type":"post","link":"http:\/\/asjasc.com.br\/portal\/2021\/12\/acao-contra-desconto-iprev\/","title":{"rendered":"A\u00e7\u00e3o contra desconto IPREV"},"content":{"rendered":"\n<p>A\u00e7\u00e3o para que o <strong>Iprev<\/strong>\u00a0\u00a0suspenda a cobran\u00e7a de 14% dos aposentados que recebem at\u00e9 o\u00a0<strong>teto do INSS,<\/strong>\u00a0ou seja, at\u00e9 R$ 6,4 mil.<\/p>\n\n\n\n<p><a href=\"http:\/\/asjasc.com.br\/portal\/acao-contra-desconto-do-iprev-arquivos-e-orientacoes\/\">Mais orienta\u00e7\u00f5es aqui<\/a><\/p>\n","protected":false},"excerpt":{"rendered":"<p>A\u00e7\u00e3o para que o Iprev\u00a0\u00a0suspenda a cobran\u00e7a de 14% dos aposentados que recebem at\u00e9 o\u00a0teto do INSS,\u00a0ou seja, at\u00e9 R$ 6,4 mil. Mais orienta\u00e7\u00f5es aqui<\/p>\n","protected":false},"author":1,"featured_media":0,"comment_status":"closed","ping_status":"closed","sticky":false,"template":"","format":"standard","meta":[],"categories":[12,20],"tags":[42,44,45,43],"_links":{"self":[{"href":"http:\/\/asjasc.com.br\/portal\/wp-json\/wp\/v2\/posts\/95"}],"collection":[{"href":"http:\/\/asjasc.com.br\/portal\/wp-json\/wp\/v2\/posts"}],"about":[{"href":"http:\/\/asjasc.com.br\/portal\/wp-json\/wp\/v2\/types\/post"}],"author":[{"embeddable":true,"href":"http:\/\/asjasc.com.br\/portal\/wp-json\/wp\/v2\/users\/1"}],"replies":[{"embeddable":true,"href":"http:\/\/asjasc.com.br\/portal\/wp-json\/wp\/v2\/comments?post=95"}],"version-history":[{"count":2,"href":"http:\/\/asjasc.com.br\/portal\/wp-json\/wp\/v2\/posts\/95\/revisions"}],"predecessor-version":[{"id":100,"href":"http:\/\/asjasc.com.br\/portal\/wp-json\/wp\/v2\/posts\/95\/revisions\/100"}],"wp:attachment":[{"href":"http:\/\/asjasc.com.br\/portal\/wp-json\/wp\/v2\/media?parent=95"}],"wp:term":[{"taxonomy":"category","embeddable":true,"href":"http:\/\/asjasc.com.br\/portal\/wp-json\/wp\/v2\/categories?post=95"},{"taxonomy":"post_tag","embeddable":true,"href":"http:\/\/asjasc.com.br\/portal\/wp-json\/wp\/v2\/tags?post=95"}],"curies":[{"name":"wp","href":"https:\/\/api.w.org\/{rel}","templated":true}]}}