{"id":68,"date":"2018-12-10T08:13:48","date_gmt":"2018-12-10T11:13:48","guid":{"rendered":"http:\/\/asjasc.com.br\/portal\/?p=68"},"modified":"2018-12-17T11:21:35","modified_gmt":"2018-12-17T14:21:35","slug":"edital-de-convocacao-assembleia-extraordinaria","status":"publish","type":"post","link":"http:\/\/asjasc.com.br\/portal\/2018\/12\/edital-de-convocacao-assembleia-extraordinaria\/","title":{"rendered":"EDITAL DE CONVOCA\u00c7\u00c3O &#8211; ASSEMBL\u00c9IA EXTRAORDIN\u00c1RIA"},"content":{"rendered":"<h2 style=\"text-align: center;\">Edital de Convoca\u00e7\u00e3o<\/h2>\n<p>Associa\u00e7\u00e3o dos Serventu\u00e1rios Extrajudiciais Aposentados do Estado de Santa Catarina &#8211; ASJASC, pelo presente Edital, convoca seus associados para comparecerem \u00e0 Assembleia Geral Extraordin\u00e1ria, a ser realizada no dia 28 de dezembro de 2018, \u00e0s 13:30 horas em primeira convoca\u00e7\u00e3o e \u00e0s 14 h em segunda convoca\u00e7\u00e3o, na Rua Domingos Andr\u00e9 Zanini, 277 sala 1110 &#8211; Campinas &#8211; S\u00e3o Jos\u00e9 &#8211; SC, a fim de deliberarem pelas seguintes mat\u00e9rias da ordem do dia:<\/p>\n<p>1 &#8211; Elei\u00e7\u00e3o da Diretoria e Conselho Fiscal para o quadri\u00eanio 2018\/2021, aprecia\u00e7\u00e3o e Aprova\u00e7\u00e3o das contas (ratifica\u00e7\u00e3o e retifica\u00e7\u00e3o da elei\u00e7\u00e3o realizada em 22 de setembro de 2018);<\/p>\n<p>2 \u2013 Altera\u00e7\u00e3o do Estatuto para adequa\u00e7\u00e3o ao C\u00f3digo Civil vigente; e<\/p>\n<p>3 \u2013 Assuntos Gerais.<\/p>\n<p style=\"text-align: center;\">S\u00e3o Jos\u00e9, 10 de dezembro de 2018.<\/p>\n<p style=\"text-align: center;\"><strong>NERI ANTONIO DEM\u00c9TRIO<\/strong><br \/>\nPresidente ASJASC<\/p>\n<p style=\"text-align: center;\">Edital de convoca\u00e7\u00e3o em PDF:\u00a0<a href=\"http:\/\/asjasc.com.br\/portal\/wp-content\/uploads\/2018\/12\/ASJASC-DC20181211_DC0261.pdf\" target=\"_blank\" rel=\"noopener\">ASJASC DC20181211_DC0261<\/a><\/p>\n","protected":false},"excerpt":{"rendered":"<p>Edital de Convoca\u00e7\u00e3o Associa\u00e7\u00e3o dos Serventu\u00e1rios Extrajudiciais Aposentados do Estado de Santa Catarina &#8211; ASJASC, pelo presente Edital, convoca seus associados para comparecerem \u00e0 Assembleia Geral Extraordin\u00e1ria, a ser realizada no dia 28 de dezembro de 2018, \u00e0s 13:30 horas em primeira convoca\u00e7\u00e3o e \u00e0s 14 h em segunda convoca\u00e7\u00e3o, na Rua Domingos Andr\u00e9 Zanini, [&hellip;]<\/p>\n","protected":false},"author":1,"featured_media":70,"comment_status":"closed","ping_status":"closed","sticky":false,"template":"","format":"standard","meta":[],"categories":[34],"tags":[41,39,37,40],"_links":{"self":[{"href":"http:\/\/asjasc.com.br\/portal\/wp-json\/wp\/v2\/posts\/68"}],"collection":[{"href":"http:\/\/asjasc.com.br\/portal\/wp-json\/wp\/v2\/posts"}],"about":[{"href":"http:\/\/asjasc.com.br\/portal\/wp-json\/wp\/v2\/types\/post"}],"author":[{"embeddable":true,"href":"http:\/\/asjasc.com.br\/portal\/wp-json\/wp\/v2\/users\/1"}],"replies":[{"embeddable":true,"href":"http:\/\/asjasc.com.br\/portal\/wp-json\/wp\/v2\/comments?post=68"}],"version-history":[{"count":2,"href":"http:\/\/asjasc.com.br\/portal\/wp-json\/wp\/v2\/posts\/68\/revisions"}],"predecessor-version":[{"id":73,"href":"http:\/\/asjasc.com.br\/portal\/wp-json\/wp\/v2\/posts\/68\/revisions\/73"}],"wp:featuredmedia":[{"embeddable":true,"href":"http:\/\/asjasc.com.br\/portal\/wp-json\/wp\/v2\/media\/70"}],"wp:attachment":[{"href":"http:\/\/asjasc.com.br\/portal\/wp-json\/wp\/v2\/media?parent=68"}],"wp:term":[{"taxonomy":"category","embeddable":true,"href":"http:\/\/asjasc.com.br\/portal\/wp-json\/wp\/v2\/categories?post=68"},{"taxonomy":"post_tag","embeddable":true,"href":"http:\/\/asjasc.com.br\/portal\/wp-json\/wp\/v2\/tags?post=68"}],"curies":[{"name":"wp","href":"https:\/\/api.w.org\/{rel}","templated":true}]}}