{"id":60,"date":"2018-08-20T16:16:13","date_gmt":"2018-08-20T19:16:13","guid":{"rendered":"http:\/\/asjasc.com.br\/portal\/?p=60"},"modified":"2018-09-12T17:00:28","modified_gmt":"2018-09-12T20:00:28","slug":"edital-de-convocacao","status":"publish","type":"post","link":"http:\/\/asjasc.com.br\/portal\/2018\/08\/edital-de-convocacao\/","title":{"rendered":"EDITAL DE CONVOCA\u00c7\u00c3O"},"content":{"rendered":"<p>Associa\u00e7\u00e3o dos Serventu\u00e1rios Extrajudiciais Aposentados de Santa Catarina &#8211; ASJASC, pelo presente Edital, convoca seus associados para comparecerem \u00e0 Assembleia Geral ordin\u00e1ria, a ser realizada no dia <strong>22 de setembro de 2018<\/strong>, \u00e0s<strong> 10:00<\/strong> horas em primeira convoca\u00e7\u00e3o, na Rua Domingos Andr\u00e9 Zanini, 277 sala 1110 &#8211; Campinas &#8211; S\u00e3o Jos\u00e9 &#8211; SC, a fim de deliberarem pelas seguintes mat\u00e9rias da ordem do dia:<\/p>\n<p>1 &#8211; Aprecia\u00e7\u00e3o e Aprova\u00e7\u00e3o das contas;<\/p>\n<p>2 &#8211; Elei\u00e7\u00e3o da Diretoria para o quinqu\u00eanio 2018\/2023.<\/p>\n<p>S\u00e3o Jos\u00e9, 20 de agosto de 2018.<\/p>\n<p>A DIRETORIA.<\/p>\n","protected":false},"excerpt":{"rendered":"<p>Associa\u00e7\u00e3o dos Serventu\u00e1rios Extrajudiciais Aposentados de Santa Catarina &#8211; ASJASC, pelo presente Edital, convoca seus associados para comparecerem \u00e0 Assembleia Geral ordin\u00e1ria, a ser realizada no dia 22 de setembro de 2018, \u00e0s 10:00 horas em primeira convoca\u00e7\u00e3o, na Rua Domingos Andr\u00e9 Zanini, 277 sala 1110 &#8211; Campinas &#8211; S\u00e3o Jos\u00e9 &#8211; SC, a fim [&hellip;]<\/p>\n","protected":false},"author":1,"featured_media":0,"comment_status":"closed","ping_status":"closed","sticky":false,"template":"","format":"standard","meta":[],"categories":[34,12,20],"tags":[36,38,35,37,31],"_links":{"self":[{"href":"http:\/\/asjasc.com.br\/portal\/wp-json\/wp\/v2\/posts\/60"}],"collection":[{"href":"http:\/\/asjasc.com.br\/portal\/wp-json\/wp\/v2\/posts"}],"about":[{"href":"http:\/\/asjasc.com.br\/portal\/wp-json\/wp\/v2\/types\/post"}],"author":[{"embeddable":true,"href":"http:\/\/asjasc.com.br\/portal\/wp-json\/wp\/v2\/users\/1"}],"replies":[{"embeddable":true,"href":"http:\/\/asjasc.com.br\/portal\/wp-json\/wp\/v2\/comments?post=60"}],"version-history":[{"count":4,"href":"http:\/\/asjasc.com.br\/portal\/wp-json\/wp\/v2\/posts\/60\/revisions"}],"predecessor-version":[{"id":65,"href":"http:\/\/asjasc.com.br\/portal\/wp-json\/wp\/v2\/posts\/60\/revisions\/65"}],"wp:attachment":[{"href":"http:\/\/asjasc.com.br\/portal\/wp-json\/wp\/v2\/media?parent=60"}],"wp:term":[{"taxonomy":"category","embeddable":true,"href":"http:\/\/asjasc.com.br\/portal\/wp-json\/wp\/v2\/categories?post=60"},{"taxonomy":"post_tag","embeddable":true,"href":"http:\/\/asjasc.com.br\/portal\/wp-json\/wp\/v2\/tags?post=60"}],"curies":[{"name":"wp","href":"https:\/\/api.w.org\/{rel}","templated":true}]}}